{"id":7520,"date":"2025-07-08T07:00:00","date_gmt":"2025-07-08T06:00:00","guid":{"rendered":"https:\/\/www.insidelogistics.com\/?p=7520"},"modified":"2026-05-20T08:18:21","modified_gmt":"2026-05-20T07:18:21","slug":"new-chief-executive","status":"publish","type":"post","link":"https:\/\/www.insidelogistics.com\/en\/nuevo-director-general\/","title":{"rendered":"In Side Logistics appoints Zebenzuy Taima as Managing Director"},"content":{"rendered":"<p class=\"wp-block-paragraph\">The VASCO Group's logistics company promotes Zebenzuy Taima, who until now was director of the Canary Islands and the Caribbean, to the position of general manager, expanding his responsibility to the peninsula where In SIde Logistics has had an important development.&nbsp;<\/p>\n\n\n\n<p class=\"wp-block-paragraph\">The company's CEO, Xabier Azarloza, explains the change: \"Zebenzuy has been a key manager for us from the beginning, he has made In Side the number one logistics company in the Canary Islands in terms of turnover, number of dedicated projects, warehouse metres and delivery capacity. In addition, he has successfully managed the establishment of In Side in the Caribbean, where we have now been in business for 15 years and are a consolidated company in the area. It is the most deserved promotion in history\".&nbsp;<\/p>\n\n\n\n<p class=\"wp-block-paragraph\">In Side Logistics as a group has seen exponential growth in recent years, doubling its turnover in three years, from 20 million euros in 2021 to 40 million euros in 2024. This growth has originated mainly organically, also with a purchase and subsequent addition of 50 tractors and 80 trailers to the company's own fleet.<\/p>\n\n\n\n<p class=\"wp-block-paragraph\">In the words of the CEO, \"the appointment of Zebenzuy Taima is part of a strategy to give the entire group homogeneity both in purely transversal services and in operational and commercial services, where we lacked a single management\". Azarloza adds that \"it is time to shore up the project from its base with technological renewal in the background, but without losing one iota of our ambition to grow and be a relevant logistics operator in Spain\".<\/p>\n\n\n\n<p class=\"wp-block-paragraph\">In this way, the company reinforces its peninsular commitment to transport and adds it to what was already its core service: dedicated warehouse projects, which has been the basis on which it has built its reputation in the logistics market.<\/p>\n\n\n\n<p class=\"wp-block-paragraph\"><strong>Xabier Azarloza, for his part, will assume the role of director on the organisation's General Board of Directors.<\/strong><\/p>\n\n\n\n<figure class=\"wp-block-image size-large\"><img fetchpriority=\"high\" decoding=\"async\" width=\"819\" height=\"1024\" src=\"https:\/\/www.insidelogistics.com\/wp-content\/uploads\/2025\/07\/nuevo-director-general-in-side-logistics-819x1024.png\" alt=\"\" class=\"wp-image-7523\" srcset=\"https:\/\/www.insidelogistics.com\/wp-content\/uploads\/2025\/07\/nuevo-director-general-in-side-logistics-819x1024.png 819w, https:\/\/www.insidelogistics.com\/wp-content\/uploads\/2025\/07\/nuevo-director-general-in-side-logistics-240x300.png 240w, https:\/\/www.insidelogistics.com\/wp-content\/uploads\/2025\/07\/nuevo-director-general-in-side-logistics-768x960.png 768w, https:\/\/www.insidelogistics.com\/wp-content\/uploads\/2025\/07\/nuevo-director-general-in-side-logistics-10x12.png 10w, https:\/\/www.insidelogistics.com\/wp-content\/uploads\/2025\/07\/nuevo-director-general-in-side-logistics.png 1080w\" sizes=\"(max-width: 819px) 100vw, 819px\" \/><\/figure>","protected":false},"excerpt":{"rendered":"<p>La compa\u00f1\u00eda Log\u00edstica del Grupo VASCO promueve al que hasta ahora era director de Canarias y Caribe, Zebenzuy Taima, a la posici\u00f3n de director general, por lo que su responsabilidad se expande a la pen\u00ednsula donde In SIde Logistics ha tenido un importante desarrollo.&nbsp; El CEO de la compa\u00f1\u00eda, Xabier Azarloza, explica el cambio: \u00abZebenzuy [&hellip;]<\/p>\n","protected":false},"author":1,"featured_media":7905,"comment_status":"closed","ping_status":"closed","sticky":false,"template":"","format":"standard","meta":{"footnotes":""},"categories":[1],"tags":[],"class_list":["post-7520","post","type-post","status-publish","format-standard","has-post-thumbnail","hentry","category-logistica"],"yoast_head":"<!-- This site is optimized with the Yoast SEO plugin v28.3 - https:\/\/yoast.com\/product\/yoast-seo-wordpress\/ -->\n<title>Zebenzuy Taima: nuevo Director General - In side Logistics<\/title>\n<meta name=\"description\" content=\"Zebenzuy Taima nombrado nuevo Director General de In Side Logistics.\" \/>\n<meta name=\"robots\" content=\"index, follow, max-snippet:-1, max-image-preview:large, max-video-preview:-1\" \/>\n<link rel=\"canonical\" href=\"https:\/\/www.insidelogistics.com\/en\/circular-economy-logistics\/\" \/>\n<meta property=\"og:locale\" content=\"en_GB\" \/>\n<meta property=\"og:type\" content=\"article\" \/>\n<meta property=\"og:title\" content=\"Zebenzuy Taima: nuevo Director General - In side Logistics\" \/>\n<meta property=\"og:description\" content=\"Zebenzuy Taima nombrado nuevo Director General de In Side Logistics.\" \/>\n<meta property=\"og:url\" content=\"https:\/\/www.insidelogistics.com\/en\/circular-economy-logistics\/\" \/>\n<meta property=\"og:site_name\" content=\"In side Logistics\" \/>\n<meta property=\"article:published_time\" content=\"2025-07-08T06:00:00+00:00\" \/>\n<meta property=\"article:modified_time\" content=\"2026-05-20T07:18:21+00:00\" \/>\n<meta property=\"og:image\" content=\"https:\/\/www.insidelogistics.com\/wp-content\/uploads\/2025\/07\/Zebenzuy-Taima-nuevo-Director-General-de-In-Side-Logistics.png\" \/>\n\t<meta property=\"og:image:width\" content=\"2500\" \/>\n\t<meta property=\"og:image:height\" content=\"1406\" \/>\n\t<meta property=\"og:image:type\" content=\"image\/png\" \/>\n<meta name=\"author\" content=\"ImportaCo\" \/>\n<meta name=\"twitter:card\" content=\"summary_large_image\" \/>\n<meta name=\"twitter:label1\" content=\"Written by\" \/>\n\t<meta name=\"twitter:data1\" content=\"ImportaCo\" \/>\n\t<meta name=\"twitter:label2\" content=\"Estimated reading time\" \/>\n\t<meta name=\"twitter:data2\" content=\"2 minutes\" \/>\n<script type=\"application\/ld+json\" class=\"yoast-schema-graph\">{\"@context\":\"https:\\\/\\\/schema.org\",\"@graph\":[{\"@type\":\"Article\",\"@id\":\"https:\\\/\\\/www.insidelogistics.com\\\/en\\\/circular-economy-logistics\\\/#article\",\"isPartOf\":{\"@id\":\"https:\\\/\\\/www.insidelogistics.com\\\/en\\\/circular-economy-logistics\\\/\"},\"author\":{\"name\":\"ImportaCo\",\"@id\":\"https:\\\/\\\/www.insidelogistics.com\\\/#\\\/schema\\\/person\\\/b0e31cb80cd2996014228438c16d22d0\"},\"headline\":\"In Side Logistics nombra a Zebenzuy Taima Director General\",\"datePublished\":\"2025-07-08T06:00:00+00:00\",\"dateModified\":\"2026-05-20T07:18:21+00:00\",\"mainEntityOfPage\":{\"@id\":\"https:\\\/\\\/www.insidelogistics.com\\\/en\\\/circular-economy-logistics\\\/\"},\"wordCount\":368,\"publisher\":{\"@id\":\"https:\\\/\\\/www.insidelogistics.com\\\/#organization\"},\"image\":{\"@id\":\"https:\\\/\\\/www.insidelogistics.com\\\/en\\\/circular-economy-logistics\\\/#primaryimage\"},\"thumbnailUrl\":\"https:\\\/\\\/www.insidelogistics.com\\\/wp-content\\\/uploads\\\/2025\\\/07\\\/Zebenzuy-Taima-nuevo-Director-General-de-In-Side-Logistics.png\",\"articleSection\":[\"Blog de log\u00edstica\"],\"inLanguage\":\"en-GB\"},{\"@type\":\"WebPage\",\"@id\":\"https:\\\/\\\/www.insidelogistics.com\\\/en\\\/circular-economy-logistics\\\/\",\"url\":\"https:\\\/\\\/www.insidelogistics.com\\\/en\\\/circular-economy-logistics\\\/\",\"name\":\"Zebenzuy Taima: nuevo Director General - In side Logistics\",\"isPartOf\":{\"@id\":\"https:\\\/\\\/www.insidelogistics.com\\\/#website\"},\"primaryImageOfPage\":{\"@id\":\"https:\\\/\\\/www.insidelogistics.com\\\/en\\\/circular-economy-logistics\\\/#primaryimage\"},\"image\":{\"@id\":\"https:\\\/\\\/www.insidelogistics.com\\\/en\\\/circular-economy-logistics\\\/#primaryimage\"},\"thumbnailUrl\":\"https:\\\/\\\/www.insidelogistics.com\\\/wp-content\\\/uploads\\\/2025\\\/07\\\/Zebenzuy-Taima-nuevo-Director-General-de-In-Side-Logistics.png\",\"datePublished\":\"2025-07-08T06:00:00+00:00\",\"dateModified\":\"2026-05-20T07:18:21+00:00\",\"description\":\"Zebenzuy Taima nombrado nuevo Director General de In Side Logistics.\",\"breadcrumb\":{\"@id\":\"https:\\\/\\\/www.insidelogistics.com\\\/en\\\/circular-economy-logistics\\\/#breadcrumb\"},\"inLanguage\":\"en-GB\",\"potentialAction\":[{\"@type\":\"ReadAction\",\"target\":[\"https:\\\/\\\/www.insidelogistics.com\\\/en\\\/circular-economy-logistics\\\/\"]}]},{\"@type\":\"ImageObject\",\"inLanguage\":\"en-GB\",\"@id\":\"https:\\\/\\\/www.insidelogistics.com\\\/en\\\/circular-economy-logistics\\\/#primaryimage\",\"url\":\"https:\\\/\\\/www.insidelogistics.com\\\/wp-content\\\/uploads\\\/2025\\\/07\\\/Zebenzuy-Taima-nuevo-Director-General-de-In-Side-Logistics.png\",\"contentUrl\":\"https:\\\/\\\/www.insidelogistics.com\\\/wp-content\\\/uploads\\\/2025\\\/07\\\/Zebenzuy-Taima-nuevo-Director-General-de-In-Side-Logistics.png\",\"width\":2500,\"height\":1406,\"caption\":\"Zebenzuy Taima nuevo Director General de In Side Logistics\"},{\"@type\":\"BreadcrumbList\",\"@id\":\"https:\\\/\\\/www.insidelogistics.com\\\/en\\\/circular-economy-logistics\\\/#breadcrumb\",\"itemListElement\":[{\"@type\":\"ListItem\",\"position\":1,\"name\":\"Portada\",\"item\":\"https:\\\/\\\/www.insidelogistics.com\\\/\"},{\"@type\":\"ListItem\",\"position\":2,\"name\":\"In Side Logistics nombra a Zebenzuy Taima Director General\"}]},{\"@type\":\"WebSite\",\"@id\":\"https:\\\/\\\/www.insidelogistics.com\\\/#website\",\"url\":\"https:\\\/\\\/www.insidelogistics.com\\\/\",\"name\":\"In side Logistics\",\"description\":\"Smart solutions\",\"publisher\":{\"@id\":\"https:\\\/\\\/www.insidelogistics.com\\\/#organization\"},\"potentialAction\":[{\"@type\":\"SearchAction\",\"target\":{\"@type\":\"EntryPoint\",\"urlTemplate\":\"https:\\\/\\\/www.insidelogistics.com\\\/?s={search_term_string}\"},\"query-input\":{\"@type\":\"PropertyValueSpecification\",\"valueRequired\":true,\"valueName\":\"search_term_string\"}}],\"inLanguage\":\"en-GB\"},{\"@type\":\"Organization\",\"@id\":\"https:\\\/\\\/www.insidelogistics.com\\\/#organization\",\"name\":\"In side Logistics\",\"url\":\"https:\\\/\\\/www.insidelogistics.com\\\/\",\"logo\":{\"@type\":\"ImageObject\",\"inLanguage\":\"en-GB\",\"@id\":\"https:\\\/\\\/www.insidelogistics.com\\\/#\\\/schema\\\/logo\\\/image\\\/\",\"url\":\"https:\\\/\\\/www.insidelogistics.com\\\/wp-content\\\/uploads\\\/2021\\\/04\\\/inside-logistics-logotipo-color.svg\",\"contentUrl\":\"https:\\\/\\\/www.insidelogistics.com\\\/wp-content\\\/uploads\\\/2021\\\/04\\\/inside-logistics-logotipo-color.svg\",\"width\":\"1024\",\"height\":\"1024\",\"caption\":\"In side Logistics\"},\"image\":{\"@id\":\"https:\\\/\\\/www.insidelogistics.com\\\/#\\\/schema\\\/logo\\\/image\\\/\"}},{\"@type\":\"Person\",\"@id\":\"https:\\\/\\\/www.insidelogistics.com\\\/#\\\/schema\\\/person\\\/b0e31cb80cd2996014228438c16d22d0\",\"name\":\"ImportaCo\",\"url\":\"https:\\\/\\\/www.insidelogistics.com\\\/en\\\/author\\\/importaco\\\/\"}]}<\/script>\n<!-- \/ Yoast SEO plugin. -->","yoast_head_json":{"title":"Zebenzuy Taima: new General Manager - In side Logistics","description":"Zebenzuy Taima appointed new General Director of In Side Logistics.","robots":{"index":"index","follow":"follow","max-snippet":"max-snippet:-1","max-image-preview":"max-image-preview:large","max-video-preview":"max-video-preview:-1"},"canonical":"https:\/\/www.insidelogistics.com\/en\/circular-economy-logistics\/","og_locale":"en_GB","og_type":"article","og_title":"Zebenzuy Taima: nuevo Director General - In side Logistics","og_description":"Zebenzuy Taima nombrado nuevo Director General de In Side Logistics.","og_url":"https:\/\/www.insidelogistics.com\/en\/circular-economy-logistics\/","og_site_name":"In side Logistics","article_published_time":"2025-07-08T06:00:00+00:00","article_modified_time":"2026-05-20T07:18:21+00:00","og_image":[{"width":2500,"height":1406,"url":"https:\/\/www.insidelogistics.com\/wp-content\/uploads\/2025\/07\/Zebenzuy-Taima-nuevo-Director-General-de-In-Side-Logistics.png","type":"image\/png"}],"author":"ImportaCo","twitter_card":"summary_large_image","twitter_misc":{"Written by":"ImportaCo","Estimated reading time":"2 minutes"},"schema":{"@context":"https:\/\/schema.org","@graph":[{"@type":"Article","@id":"https:\/\/www.insidelogistics.com\/en\/circular-economy-logistics\/#article","isPartOf":{"@id":"https:\/\/www.insidelogistics.com\/en\/circular-economy-logistics\/"},"author":{"name":"ImportaCo","@id":"https:\/\/www.insidelogistics.com\/#\/schema\/person\/b0e31cb80cd2996014228438c16d22d0"},"headline":"In Side Logistics nombra a Zebenzuy Taima Director General","datePublished":"2025-07-08T06:00:00+00:00","dateModified":"2026-05-20T07:18:21+00:00","mainEntityOfPage":{"@id":"https:\/\/www.insidelogistics.com\/en\/circular-economy-logistics\/"},"wordCount":368,"publisher":{"@id":"https:\/\/www.insidelogistics.com\/#organization"},"image":{"@id":"https:\/\/www.insidelogistics.com\/en\/circular-economy-logistics\/#primaryimage"},"thumbnailUrl":"https:\/\/www.insidelogistics.com\/wp-content\/uploads\/2025\/07\/Zebenzuy-Taima-nuevo-Director-General-de-In-Side-Logistics.png","articleSection":["Blog de log\u00edstica"],"inLanguage":"en-GB"},{"@type":"WebPage","@id":"https:\/\/www.insidelogistics.com\/en\/circular-economy-logistics\/","url":"https:\/\/www.insidelogistics.com\/en\/circular-economy-logistics\/","name":"Zebenzuy Taima: new General Manager - In side Logistics","isPartOf":{"@id":"https:\/\/www.insidelogistics.com\/#website"},"primaryImageOfPage":{"@id":"https:\/\/www.insidelogistics.com\/en\/circular-economy-logistics\/#primaryimage"},"image":{"@id":"https:\/\/www.insidelogistics.com\/en\/circular-economy-logistics\/#primaryimage"},"thumbnailUrl":"https:\/\/www.insidelogistics.com\/wp-content\/uploads\/2025\/07\/Zebenzuy-Taima-nuevo-Director-General-de-In-Side-Logistics.png","datePublished":"2025-07-08T06:00:00+00:00","dateModified":"2026-05-20T07:18:21+00:00","description":"Zebenzuy Taima appointed new General Director of In Side Logistics.","breadcrumb":{"@id":"https:\/\/www.insidelogistics.com\/en\/circular-economy-logistics\/#breadcrumb"},"inLanguage":"en-GB","potentialAction":[{"@type":"ReadAction","target":["https:\/\/www.insidelogistics.com\/en\/circular-economy-logistics\/"]}]},{"@type":"ImageObject","inLanguage":"en-GB","@id":"https:\/\/www.insidelogistics.com\/en\/circular-economy-logistics\/#primaryimage","url":"https:\/\/www.insidelogistics.com\/wp-content\/uploads\/2025\/07\/Zebenzuy-Taima-nuevo-Director-General-de-In-Side-Logistics.png","contentUrl":"https:\/\/www.insidelogistics.com\/wp-content\/uploads\/2025\/07\/Zebenzuy-Taima-nuevo-Director-General-de-In-Side-Logistics.png","width":2500,"height":1406,"caption":"Zebenzuy Taima nuevo Director General de In Side Logistics"},{"@type":"BreadcrumbList","@id":"https:\/\/www.insidelogistics.com\/en\/circular-economy-logistics\/#breadcrumb","itemListElement":[{"@type":"ListItem","position":1,"name":"Portada","item":"https:\/\/www.insidelogistics.com\/"},{"@type":"ListItem","position":2,"name":"In Side Logistics nombra a Zebenzuy Taima Director General"}]},{"@type":"WebSite","@id":"https:\/\/www.insidelogistics.com\/#website","url":"https:\/\/www.insidelogistics.com\/","name":"In side Logistics","description":"Smart solutions","publisher":{"@id":"https:\/\/www.insidelogistics.com\/#organization"},"potentialAction":[{"@type":"SearchAction","target":{"@type":"EntryPoint","urlTemplate":"https:\/\/www.insidelogistics.com\/?s={search_term_string}"},"query-input":{"@type":"PropertyValueSpecification","valueRequired":true,"valueName":"search_term_string"}}],"inLanguage":"en-GB"},{"@type":"Organization","@id":"https:\/\/www.insidelogistics.com\/#organization","name":"In side Logistics","url":"https:\/\/www.insidelogistics.com\/","logo":{"@type":"ImageObject","inLanguage":"en-GB","@id":"https:\/\/www.insidelogistics.com\/#\/schema\/logo\/image\/","url":"https:\/\/www.insidelogistics.com\/wp-content\/uploads\/2021\/04\/inside-logistics-logotipo-color.svg","contentUrl":"https:\/\/www.insidelogistics.com\/wp-content\/uploads\/2021\/04\/inside-logistics-logotipo-color.svg","width":"1024","height":"1024","caption":"In side Logistics"},"image":{"@id":"https:\/\/www.insidelogistics.com\/#\/schema\/logo\/image\/"}},{"@type":"Person","@id":"https:\/\/www.insidelogistics.com\/#\/schema\/person\/b0e31cb80cd2996014228438c16d22d0","name":"ImportaCo","url":"https:\/\/www.insidelogistics.com\/en\/author\/importaco\/"}]}},"_links":{"self":[{"href":"https:\/\/www.insidelogistics.com\/en\/wp-json\/wp\/v2\/posts\/7520","targetHints":{"allow":["GET"]}}],"collection":[{"href":"https:\/\/www.insidelogistics.com\/en\/wp-json\/wp\/v2\/posts"}],"about":[{"href":"https:\/\/www.insidelogistics.com\/en\/wp-json\/wp\/v2\/types\/post"}],"author":[{"embeddable":true,"href":"https:\/\/www.insidelogistics.com\/en\/wp-json\/wp\/v2\/users\/1"}],"replies":[{"embeddable":true,"href":"https:\/\/www.insidelogistics.com\/en\/wp-json\/wp\/v2\/comments?post=7520"}],"version-history":[{"count":1,"href":"https:\/\/www.insidelogistics.com\/en\/wp-json\/wp\/v2\/posts\/7520\/revisions"}],"predecessor-version":[{"id":8264,"href":"https:\/\/www.insidelogistics.com\/en\/wp-json\/wp\/v2\/posts\/7520\/revisions\/8264"}],"wp:featuredmedia":[{"embeddable":true,"href":"https:\/\/www.insidelogistics.com\/en\/wp-json\/wp\/v2\/media\/7905"}],"wp:attachment":[{"href":"https:\/\/www.insidelogistics.com\/en\/wp-json\/wp\/v2\/media?parent=7520"}],"wp:term":[{"taxonomy":"category","embeddable":true,"href":"https:\/\/www.insidelogistics.com\/en\/wp-json\/wp\/v2\/categories?post=7520"},{"taxonomy":"post_tag","embeddable":true,"href":"https:\/\/www.insidelogistics.com\/en\/wp-json\/wp\/v2\/tags?post=7520"}],"curies":[{"name":"wp","href":"https:\/\/api.w.org\/{rel}","templated":true}]}}